{"id":196,"date":"2022-02-28T10:14:49","date_gmt":"2022-02-28T10:14:49","guid":{"rendered":"https:\/\/compra.mercadodelval.com\/blog\/?p=196"},"modified":"2022-02-25T10:24:42","modified_gmt":"2022-02-25T10:24:42","slug":"sopa-minestrona-presencia-internacional","status":"publish","type":"post","link":"https:\/\/compra.mercadodelval.com\/blog\/2022\/02\/28\/sopa-minestrona-presencia-internacional\/","title":{"rendered":"Sopa minestrona: presencia internacional"},"content":{"rendered":"<p>\u00a1Qu\u00e9 gran idea preparar una sopa! Y cuando hacemos este plato estamos utilizando una t\u00e9cnica ancestral, ya que las sopas, se encuentran en el origen de los primeros momentos en que se empezaron a utilizar recipientes y de una manera intuitiva, se pudo\u00a0 hervir en agua cualquier ingrediente que sirviera como alimento. Si hablamos de recipientes, nos tenemos que remontar muy atr\u00e1s en el tiempo, hasta que, en las primeras culturas con testimonios escritos se comprueba que las sopas ya formaban parte de recetas muy cotidianas. \u00a0Sopas de todas clases, con variedades que podemos encontrar en todas las regiones del planeta, de ah\u00ed, su car\u00e1cter internacional.<\/p>\n<p>La sopa Minestrone es una de esas variedades, surgida en Italia, recoge los sabores y colores de los productos de huerta; un plato de cuchara, reconfortante, como todas las sopas en tiempo de invierno, sano y nutritivo, hecho con verduras de temporada al que se le puede agregar pasta, arroz o alg\u00fan tipo de legumbres. Para muchos que entienden de cocina, una de las mejores sopas del mundo.<\/p>\n<p>La sopa Minestrone de nuestra receta la vamos a hacer utilizando guisantes, calabaza, cebolla, ajo, apio, patata y garbanzos. La calabaza la podemos sustituir por zanahorias, los garbanzos por alubias blancas y los guisantes por jud\u00edas verdes. En cualquier caso, nos quedar\u00e1 una receta perfecta, nutritiva y muy saludable por su aporte de minerales, vitaminas y fibra.<\/p>\n<p>En recetas anteriores hemos destacado las propiedades de estos alimentos. Las verduras y hortalizas tienen muchos componentes nutricionales: minerales, vitaminas, fibra, son saciantes, buenas para el coraz\u00f3n, diur\u00e9ticas, antioxidantes, bajas en calor\u00edas&#8230; por tanto, las consideramos indispensables en nuestra dieta diaria<\/p>\n<p>Los garbanzos son una de las leguminosas m\u00e1s aceptadas en nuestro pa\u00eds. Es un cultivo sostenible en todo el \u00e1mbito mediterr\u00e1neo Son fuente de prote\u00ednas vegetales, vitaminas, minerales, fibra\u2026 saludables para el colesterol. Un alimento muy completo que deber\u00eda ser incluido en los men\u00fas semanales de adultos y ni\u00f1os. Tambi\u00e9n debemos potenciar el consumo de guisantes, que han sido llamados \u201cl\u00e1grimas verdes y oro verde\u201d por su bonito color y sus cualidades alimentarias.<\/p>\n<p>&nbsp;<\/p>\n<p><strong>INGREDIENTES PARA 6 PERSONAS<\/strong><\/p>\n<p>\u00bd calabac\u00edn<\/p>\n<p>100 g de guisantes<\/p>\n<p>6-8 jud\u00edas verdes<\/p>\n<p>100 g de calabaza<\/p>\n<p>75-100 g de garbanzos o alubias blancas<\/p>\n<p>1 cebolla dulce, 1 ajo, apio, albahaca o perejil para decorar el plato, 1 hoja de laurel, aceite, sal, pimienta blanca molida, queso rallado.<\/p>\n<p>1,5 litros de caldo de verduras<\/p>\n<p>100 g de bacon<\/p>\n<p>Un pu\u00f1ado de pasta integral<\/p>\n<p>Un par de cucharadas de tomate frito<\/p>\n<p>&nbsp;<\/p>\n<p><strong>PREPARACI\u00d3N<\/strong><\/p>\n<p>En un recipiente hondo, salteamos el bacon cortado a gusto, el ajo y el laurel. A\u00f1adimos\u00a0 las verduras preparadas tipo juliana, rehogamos durante unos minutos y echamos el tomate frito removiendo para mezclar todo bien. Incorporamos los garbanzos o las alubias que, previamente, habremos puesto en remojo unas horas antes y a\u00f1adimos el caldo algo templado dejando hervir a fuego lento unos 40 minutos. Pasado este tiempo echaremos los guisantes dejando hervir 5 minutos m\u00e1s y finalmente la pasta, dejando la cocci\u00f3n otros 5 minutos. Podemos ir a\u00f1adiendo m\u00e1s caldo si queremos que la sopa no quede muy espesa \u00a0Comprobamos la sal a gusto. Dejamos reposar y al momento de servir espolvoreamos con un poco de pimienta, el perejil cortado muy fino y el queso rallado. Si queremos que el plato sea m\u00e1s italiano, el queso puede ser tipo parmesano, pero queda igual de rico con un queso manchego seco. La pasta integral resulta menos cal\u00f3rica que la pasta normal, pero tambi\u00e9n ser\u00e1 una elecci\u00f3n.<\/p>\n<p>Un resultado espectacular, de cocina de mercado, hecho con tiempo, gusto y buenos ingredientes, que podemos tener preparado. Una sopa que, como dijo un gastr\u00f3nomo franc\u00e9s, \u201calegra el est\u00f3mago\u201d.<\/p>\n<p><strong>\u00a1BUEN APETITO!<\/strong><\/p>\n","protected":false},"excerpt":{"rendered":"<p>\u00a1Qu\u00e9 gran idea preparar una sopa! Y cuando hacemos este plato estamos utilizando una t\u00e9cnica ancestral, ya que las sopas, se encuentran en el origen de los primeros momentos en que se empezaron a utilizar recipientes y de una manera intuitiva, se pudo\u00a0 hervir en agua cualquier ingrediente que sirviera como alimento. Si hablamos de &hellip; <\/p>\n<p class=\"link-more\"><a href=\"https:\/\/compra.mercadodelval.com\/blog\/2022\/02\/28\/sopa-minestrona-presencia-internacional\/\" class=\"more-link\">Continuar leyendo<span class=\"screen-reader-text\"> \u00abSopa minestrona: presencia internacional\u00bb<\/span><\/a><\/p>\n","protected":false},"author":3,"featured_media":197,"comment_status":"open","ping_status":"closed","sticky":false,"template":"","format":"standard","meta":{"spay_email":""},"categories":[4,8,3,6,5,9],"tags":[18,16,14,21,13,15,22,32],"jetpack_featured_media_url":"https:\/\/compra.mercadodelval.com\/blog\/wp-content\/uploads\/2022\/02\/canva-1.png","_links":{"self":[{"href":"https:\/\/compra.mercadodelval.com\/blog\/wp-json\/wp\/v2\/posts\/196"}],"collection":[{"href":"https:\/\/compra.mercadodelval.com\/blog\/wp-json\/wp\/v2\/posts"}],"about":[{"href":"https:\/\/compra.mercadodelval.com\/blog\/wp-json\/wp\/v2\/types\/post"}],"author":[{"embeddable":true,"href":"https:\/\/compra.mercadodelval.com\/blog\/wp-json\/wp\/v2\/users\/3"}],"replies":[{"embeddable":true,"href":"https:\/\/compra.mercadodelval.com\/blog\/wp-json\/wp\/v2\/comments?post=196"}],"version-history":[{"count":1,"href":"https:\/\/compra.mercadodelval.com\/blog\/wp-json\/wp\/v2\/posts\/196\/revisions"}],"predecessor-version":[{"id":198,"href":"https:\/\/compra.mercadodelval.com\/blog\/wp-json\/wp\/v2\/posts\/196\/revisions\/198"}],"wp:featuredmedia":[{"embeddable":true,"href":"https:\/\/compra.mercadodelval.com\/blog\/wp-json\/wp\/v2\/media\/197"}],"wp:attachment":[{"href":"https:\/\/compra.mercadodelval.com\/blog\/wp-json\/wp\/v2\/media?parent=196"}],"wp:term":[{"taxonomy":"category","embeddable":true,"href":"https:\/\/compra.mercadodelval.com\/blog\/wp-json\/wp\/v2\/categories?post=196"},{"taxonomy":"post_tag","embeddable":true,"href":"https:\/\/compra.mercadodelval.com\/blog\/wp-json\/wp\/v2\/tags?post=196"}],"curies":[{"name":"wp","href":"https:\/\/api.w.org\/{rel}","templated":true}]}}